[{"@context":"https:\/\/schema.org\/","@type":"Article","@id":"https:\/\/www.biblos.cz\/dovolena-s-pronajatym-vozem-v-tuzemsku-nebude-zadna-nuda\/#Article","mainEntityOfPage":"https:\/\/www.biblos.cz\/dovolena-s-pronajatym-vozem-v-tuzemsku-nebude-zadna-nuda\/","headline":"Dovolen\u00e1 s pronajat\u00fdm vozem v tuzemsku nebude \u017e\u00e1dn\u00e1 nuda","name":"Dovolen\u00e1 s pronajat\u00fdm vozem v tuzemsku nebude \u017e\u00e1dn\u00e1 nuda","description":"N\u011bkte\u0159\u00ed lid\u00e9 d\u00e1vaj\u00ed p\u0159ednost tuzemsk\u00e9 rekreaci zejm\u00e9na kv\u016fli \u00faspor\u00e1m financ\u00ed a pova\u017euj\u00ed sv\u00e1 rozhodnut\u00ed za...","datePublished":"2022-08-16","dateModified":"2023-06-15","author":{"@type":"Person","@id":"https:\/\/www.biblos.cz\/author\/#Person","name":"","url":"https:\/\/www.biblos.cz\/author\/","identifier":1,"image":{"@type":"ImageObject","@id":"https:\/\/secure.gravatar.com\/avatar\/93869824c8aa580f0d16049ad31e69846ffc925e0cbb2826cc9554f53943da69?s=96&d=mm&r=g","url":"https:\/\/secure.gravatar.com\/avatar\/93869824c8aa580f0d16049ad31e69846ffc925e0cbb2826cc9554f53943da69?s=96&d=mm&r=g","height":96,"width":96}},"publisher":{"@type":"Organization","name":"biblos.cz","logo":{"@type":"ImageObject","@id":"\/logo.png","url":"\/logo.png","width":600,"height":60}},"image":{"@type":"ImageObject","@id":"https:\/\/www.biblos.cz\/wp-content\/uploads\/skoda-5163124_640.jpg","url":"https:\/\/www.biblos.cz\/wp-content\/uploads\/skoda-5163124_640.jpg","height":0,"width":0},"url":"https:\/\/www.biblos.cz\/dovolena-s-pronajatym-vozem-v-tuzemsku-nebude-zadna-nuda\/","about":["Byznys"],"wordCount":431,"articleBody":"   N\u011bkte\u0159\u00ed lid\u00e9 d\u00e1vaj\u00ed p\u0159ednost tuzemsk\u00e9 rekreaci zejm\u00e9na kv\u016fli \u00faspor\u00e1m financ\u00ed a pova\u017euj\u00ed sv\u00e1 rozhodnut\u00ed za ur\u010dit\u00fd \u00fastupek, nebo\u0165 se domn\u00edvaj\u00ed, \u017ee pouze u mo\u0159e nebo v Alp\u00e1ch to bude m\u00edt pot\u0159ebnou \u00farove\u0148. R\u00e1di bychom v\u00e1m v\u0161ak prok\u00e1zali, \u017ee to tak v\u016fbec b\u00fdt nemus\u00ed, a \u017ee to mnohdy m\u016f\u017ee b\u00fdt pr\u00e1v\u011b naopak. Dovolen\u00e1 v \u010cesk\u00e9 republice s vozem z autop\u016fj\u010dovny v Milovic\u00edch m\u016f\u017ee nabrat p\u016fsobiv\u00fd sp\u00e1d i v m\u00edstech, kam https:\/\/firemnividea.eu\/videa\/dokumentarni-filmy\/skrytou-svycarskou-krajinou-2\/  se moc z\u00e1jemc\u016f zrovna nehrne, a to sp\u00ed\u0161e z neznalosti.Posel z Lipt\u00e1kova\u0158\u00edk\u00e1 v\u00e1m n\u011bco jm\u00e9no \u201eJ\u00e1ra Cimrman\u201c? S velkou pravd\u011bpodobnost\u00ed tuto vysn\u011bnou postavu budete zn\u00e1t, spojuje zesnul\u00e9ho Ladislava Smoljaka se Zde\u0148kem Sv\u011br\u00e1kem a s dal\u0161\u00edmi protagonisty jednoho z nejnav\u0161t\u011bvovan\u011bj\u0161\u00edch pra\u017esk\u00fdch divadel a jedna z cimrmanovsk\u00fdch epizod se odehr\u00e1v\u00e1 na sever od Prahy, v krajin\u011b, kam bychom v\u00e1s cht\u011bli pozvat. Lipt\u00e1kov je pochopiteln\u011b smy\u0161len\u00fd, ka\u017edop\u00e1dn\u011b d\u011bj vypr\u00e1v\u011bn\u00ed v\u00e1s zavede k \u0159ece Jize\u0159e, do \u017delezn\u00e9ho Brodu, Tanvaldu, Ji\u0159et\u00edna pod Bukovou, Desn\u00e9 a Smr\u017eovky, tedy obc\u00ed a m\u011bst v srdci Jizersk\u00fdch hor.Smr\u017eovkaV\u0161echna v\u00fd\u0161e jmenovan\u00e1 s\u00eddla spojuje jeden spole\u010dn\u00e1 bod \u2013 hora s n\u00e1zvem Tanvaldsk\u00fd \u0160pi\u010d\u00e1k, jedna z nejzaj\u00edmav\u011bj\u0161\u00edch dominant tamn\u00ed krajiny, kter\u00e1 je zd\u00e1nliv\u011b stranou z\u00e1jmu turistick\u00e9ho ruchu, ale to je d\u00e1no t\u00edm, \u017ee v\u011bt\u0161ina v\u00fdletn\u00edk\u016f sm\u011b\u0159uje do sousedn\u00edch Krkono\u0161. Jizersk\u00e9 hory jsou p\u0159itom v n\u011bkter\u00fdch ohledech p\u0159\u00edv\u011btiv\u011bj\u0161\u00ed, hez\u010d\u00ed a romanti\u010dt\u011bj\u0161\u00ed.M\u00e1te-li r\u00e1di romantick\u00e9 proch\u00e1zky nebo proj\u00ed\u017e\u010fky autem krajinou v tepl\u00e9m letn\u00edm po\u010das\u00ed, ale i v bab\u00edm l\u00e9t\u011b nebo na ja\u0159e, vydejte se pr\u00e1v\u011b sem.Doporu\u010dit bychom v\u00e1m mohli nap\u0159\u00edklad ve Smr\u017eovce velmi fotogenick\u00fd \u017eelezni\u010dn\u00ed viadukt, kter\u00fd je \u010dast\u00fdm n\u00e1m\u011btem pro velkoform\u00e1tov\u00e9 kalend\u00e1\u0159e, dechberouc\u00ed skaln\u00ed vyhl\u00eddku Finkstein, Urbanovu K\u0159\u00ed\u017eovou cestu, Muzeum panenek, skokansk\u00e9 m\u016fstky v Horn\u00edch Lu\u010danech a Muzeum v\u00fdroby d\u0159ev\u011bn\u00fdch hra\u010dek v Ji\u0159et\u00edn\u011b pod Jedlovou, v are\u00e1lu b\u00fdval\u00e9 tov\u00e1rny Tofa, kterou mnoz\u00ed pam\u011btn\u00edci znaj\u00ed z doby socialismu.                                                                                                                                                                                                                                                                                                                                                                                          4.3\/5 - (6 votes)        "},{"@context":"https:\/\/schema.org\/","@type":"BreadcrumbList","itemListElement":[{"@type":"ListItem","position":1,"name":"Dovolen\u00e1 s pronajat\u00fdm vozem v tuzemsku nebude \u017e\u00e1dn\u00e1 nuda","item":"https:\/\/www.biblos.cz\/dovolena-s-pronajatym-vozem-v-tuzemsku-nebude-zadna-nuda\/#breadcrumbitem"}]}]